{"id":4322,"date":"2024-12-27T18:22:34","date_gmt":"2024-12-27T18:22:34","guid":{"rendered":"https:\/\/fildebosc.es\/projecte-transfronterer-entre-portugal-i-andalusia\/"},"modified":"2025-01-11T07:44:35","modified_gmt":"2025-01-11T07:44:35","slug":"projecte-transfronterer-entre-portugal-i-andalusia","status":"publish","type":"post","link":"https:\/\/fildebosc.es\/ca\/projecte-transfronterer-entre-portugal-i-andalusia\/","title":{"rendered":"Projecte transfronterer entre Portugal i Andalusia"},"content":{"rendered":"<h1>Projecte transfronterer entre Portugal i Andalusia on desenvolupem plans d&#8217;acci\u00f3 per la transformaci\u00f3 de la llana d&#8217;ovella com adob natural.<\/h1>\n<p><!--more--><\/p>\n<p>Projecte transfronterer entre Portugal i Andalusia on desenvolupem plans d&#8217;acci\u00f3 per a iniciatives agr\u00e0ries com es la transformaci\u00f3 de la llana d&#8217;ovella com adob natural. \u00a0En el marc del projecte <a href=\"https:\/\/raia-redeinnovarural.eu\/actividades\/\">RAIA<\/a>, liderat per l&#8217;associaci\u00f3 portuguesa <a href=\"http:\/\/www.in-loco.pt\">In Loco <\/a>i <a href=\"https:\/\/www.juntadeandalucia.es\/organismos\/agapa\/areas\/apoyo-sector-primario\/conoce-oficinas-agrarias.html\">l&#8217;Oficina Comarcal Agr\u00e0ria de Cortegana<\/a>, busquen fomentar la innovaci\u00f3 agr\u00e0ria a la regi\u00f3 transfronterera Alentejo-Algarve-Andalusia. A trav\u00e9s d&#8217;una xarxa de col\u00b7laboraci\u00f3, persegueix establir governan\u00e7a cooperativa, desenvolupar plans d&#8217;acci\u00f3 per a iniciatives agr\u00e0ries, i refor\u00e7ar capacitats en sectors p\u00fablic i privat. La col\u00b7laboraci\u00f3 permet identificar necessitats locals, millorar la gesti\u00f3 de fons europeus i crear oportunitats de negoci en l&#8217;entorn rural.<\/p>\n<h2>Aquest mes de desembre he iniciat una s\u00e8rie de formacions sobre el maneig \u00f2ptim de la llana en explotacions rurals, com a part del proyecte transfronterer entre Portugal i Andalusia .<\/h2>\n<p>Aquestes sessions busquen capacitar a agricultors i ramaders per a maximitzar la qualitat de la llana, afegint valor al producte directament en origen. La primera formaci\u00f3 ja s&#8217;ha realitzat amb \u00e8xit, i aviat continuarem amb les pr\u00f2ximes dues sessions presencials per a aprofundir en t\u00e8cniques i bones pr\u00e0ctiques. Continuar\u00e9 informant d&#8217;aquest projecte tan interessant! Mentrestant tireu un vistado als projectes que hem realitzat aquest <a href=\"https:\/\/fildebosc.es\/transformacion-de-residuos-en-recursos\/\">2024<\/a> . Adjunt a m\u00e9s el PPT de la jornada formativa en format v\u00eddeo.<\/p>\n<div style=\"width: 1080px;\" class=\"wp-video\"><!--[if lt IE 9]><script>document.createElement('video');<\/script><![endif]-->\n<video class=\"wp-video-shortcode\" id=\"video-4322-1\" width=\"1080\" height=\"608\" preload=\"metadata\" controls=\"controls\"><source type=\"video\/mp4\" src=\"https:\/\/fildebosc.es\/wp-content\/uploads\/2024\/12\/Presentacion-Fil-de-Bosc.mp4?_=1\" \/><a href=\"https:\/\/fildebosc.es\/wp-content\/uploads\/2024\/12\/Presentacion-Fil-de-Bosc.mp4\">https:\/\/fildebosc.es\/wp-content\/uploads\/2024\/12\/Presentacion-Fil-de-Bosc.mp4<\/a><\/video><\/div>\n<p style=\"text-align: center;\">\n","protected":false},"excerpt":{"rendered":"<p>Projecte transfronterer entre Portugal i Andalusia on desenvolupem plans d&#8217;acci\u00f3 per la transformaci\u00f3 de la llana d&#8217;ovella com adob natural.<\/p>\n","protected":false},"author":5,"featured_media":4288,"comment_status":"open","ping_status":"open","sticky":false,"template":"","format":"standard","meta":{"_et_pb_use_builder":"off","_et_pb_old_content":"","_et_gb_content_width":"","om_disable_all_campaigns":false,"footnotes":""},"categories":[117],"tags":[118,120,122,119,121,123],"class_list":["post-4322","post","type-post","status-publish","format-standard","has-post-thumbnail","hentry","category-compost-ca","tag-gal-ca","tag-huelva-ca","tag-online-ca","tag-portugal-ca","tag-transformacio","tag-workshop-ca"],"aioseo_notices":[],"_links":{"self":[{"href":"https:\/\/fildebosc.es\/ca\/wp-json\/wp\/v2\/posts\/4322","targetHints":{"allow":["GET"]}}],"collection":[{"href":"https:\/\/fildebosc.es\/ca\/wp-json\/wp\/v2\/posts"}],"about":[{"href":"https:\/\/fildebosc.es\/ca\/wp-json\/wp\/v2\/types\/post"}],"author":[{"embeddable":true,"href":"https:\/\/fildebosc.es\/ca\/wp-json\/wp\/v2\/users\/5"}],"replies":[{"embeddable":true,"href":"https:\/\/fildebosc.es\/ca\/wp-json\/wp\/v2\/comments?post=4322"}],"version-history":[{"count":3,"href":"https:\/\/fildebosc.es\/ca\/wp-json\/wp\/v2\/posts\/4322\/revisions"}],"predecessor-version":[{"id":4348,"href":"https:\/\/fildebosc.es\/ca\/wp-json\/wp\/v2\/posts\/4322\/revisions\/4348"}],"wp:featuredmedia":[{"embeddable":true,"href":"https:\/\/fildebosc.es\/ca\/wp-json\/wp\/v2\/media\/4288"}],"wp:attachment":[{"href":"https:\/\/fildebosc.es\/ca\/wp-json\/wp\/v2\/media?parent=4322"}],"wp:term":[{"taxonomy":"category","embeddable":true,"href":"https:\/\/fildebosc.es\/ca\/wp-json\/wp\/v2\/categories?post=4322"},{"taxonomy":"post_tag","embeddable":true,"href":"https:\/\/fildebosc.es\/ca\/wp-json\/wp\/v2\/tags?post=4322"}],"curies":[{"name":"wp","href":"https:\/\/api.w.org\/{rel}","templated":true}]}}