{"id":4350,"date":"2024-11-27T08:14:16","date_gmt":"2024-11-27T08:14:16","guid":{"rendered":"https:\/\/fildebosc.es\/?p=4350"},"modified":"2025-01-11T09:29:30","modified_gmt":"2025-01-11T09:29:30","slug":"saps-la-diferencia-entre-agricultura-ecologica-i-agroecologia","status":"publish","type":"post","link":"https:\/\/fildebosc.es\/ca\/saps-la-diferencia-entre-agricultura-ecologica-i-agroecologia\/","title":{"rendered":"Saps la difer\u00e8ncia entre agricultura ecol\u00f2gica i agroecologia?"},"content":{"rendered":"<p style=\"text-align: center;\">L&#8217;agricultura ecol\u00f2gica est\u00e0 regulada per est\u00e0ndards, l&#8217;agroecologia, \u00a0transforma desde una perspectiva cient\u00edfica, pr\u00e0ctica i social.<\/p>\n<p><!--more--><\/p>\n<h2>Agricultura ecol\u00f2gica<\/h2>\n<p>L&#8217;agricultura ecol\u00f2gica, tamb\u00e9 coneguda com a org\u00e0nica, \u00e9s un sistema de producci\u00f3 agr\u00edcola que evita l&#8217;\u00fas de productes qu\u00edmics sint\u00e8tics, com a fertilitzants, pesticides o herbicides, i organismes gen\u00e8ticament modificats (OGM).L&#8217;agricultura ecol\u00f2gica \u00e9s, en ess\u00e8ncia, una pr\u00e0ctica regulada i certificada que se centra en m\u00e8todes de cultiu sostenibles. No t\u00e9 en compte aspectes socials ni econ\u00f2mics justos.<\/p>\n<h2>Agroecologia<\/h2>\n<p>L&#8217;agroecologia va m\u00e9s enll\u00e0 de ser un sistema de producci\u00f3: \u00e9s un<strong>\u00a0enfocament integral\u00a0<\/strong>que combina ci\u00e8ncia, pr\u00e0ctica agr\u00edcola i moviment social. Es basa en principis ecol\u00f2gics per a dissenyar sistemes agr\u00edcoles que siguin sostenibles i justos. Les seves caracter\u00edstiques principals s\u00f3n:<\/p>\n<ul>\n<li><strong>Principis ecol\u00f2gics:<\/strong> Integra la biodiversitat, el reciclatge de nutrients, el maneig de l&#8217;aigua i la regeneraci\u00f3 de s\u00f2ls.<\/li>\n<li><strong>Perspectiva hol\u00edstica<\/strong>: Considera aspectes socials, econ\u00f2mics i culturals, buscant beneficiar tant al medi ambient com a les comunitats locals.<\/li>\n<li><strong>Innovaci\u00f3 i sabers tradicionals<\/strong>: Combina avan\u00e7os cient\u00edfics amb els coneixements pagesos.<\/li>\n<li><strong>Just\u00edcia social:<\/strong> Cerca transformar els sistemes alimentaris, promovent equitat i sobirania aliment\u00e0ria.<\/li>\n<\/ul>\n<p>L&#8217;agroecologia no sols s&#8217;enfoca a produir de manera sostenible, sin\u00f3 tamb\u00e9 a canviar les din\u00e0miques de poder dins dels sistemes alimentaris globals.<\/p>\n<h3>Difer\u00e8ncies clau entre agricultura ecol\u00f2gica i agroecologia<\/h3>\n<table style=\"font-weight: 400; height: 168px;\">\n<thead>\n<tr style=\"height: 24px;\">\n<td style=\"height: 24px; width: 103.770836px;\"><strong>Aspect<\/strong><\/td>\n<td style=\"height: 24px; width: 301.9375px;\"><strong>Agricultura ecol\u00f3gica<\/strong><\/td>\n<td style=\"height: 24px; width: 400.3125px;\"><strong>Agroecologia<\/strong><\/td>\n<\/tr>\n<\/thead>\n<tbody>\n<tr style=\"height: 24px;\">\n<td style=\"height: 24px; width: 103.770836px;\"><strong>Enfocament<\/strong><\/td>\n<td style=\"height: 24px; width: 301.9375px;\">Pr\u00e1ctiques agr\u00edcoles espec\u00edfiques i certificades<\/td>\n<td style=\"height: 24px; width: 400.3125px;\">Un enfocament sist\u00e9mic que inclou ci\u00e8ncia, pr\u00e1ctica i movimient social.<\/td>\n<\/tr>\n<tr style=\"height: 24px;\">\n<td style=\"height: 24px; width: 103.770836px;\"><strong>Regulaci\u00f3<\/strong><\/td>\n<td style=\"height: 24px; width: 301.9375px;\">Est\u00e1 regulada per normatives i certificacions oficials.<\/td>\n<td style=\"height: 24px; width: 400.3125px;\">No requereix certificaci\u00f3; es un enfocament adaptat a cada contexte.<\/td>\n<\/tr>\n<tr style=\"height: 24px;\">\n<td style=\"height: 24px; width: 103.770836px;\"><strong>Finalitat<\/strong><\/td>\n<td style=\"height: 24px; width: 301.9375px;\">Producir aliments respectuosos amb el medioambient.<\/td>\n<td style=\"height: 24px; width: 400.3125px;\">Redisenyar tot el sistema agr\u00edcola per ser ecol\u00f3gic, sostenible i socialment just.<\/td>\n<\/tr>\n<tr style=\"height: 24px;\">\n<td style=\"height: 24px; width: 103.770836px;\"><strong>T\u00e9cniques<\/strong><\/td>\n<td style=\"height: 24px; width: 301.9375px;\">\u00das de insums naturals y m\u00e9todes tradicionals.<\/td>\n<td style=\"height: 24px; width: 400.3125px;\">Integra t\u00e9cniques ecol\u00f3giques i din\u00e1miques socioecon\u00f3miques.<\/td>\n<\/tr>\n<tr style=\"height: 24px;\">\n<td style=\"height: 24px; width: 103.770836px;\"><strong>Escala<\/strong><\/td>\n<td style=\"height: 24px; width: 301.9375px;\">Enfocada principalment en la finca o la producci\u00f3 individual.<\/td>\n<td style=\"height: 24px; width: 400.3125px;\">Aborda sistemess agr\u00edcoles a nivell local, regional i global.<\/td>\n<\/tr>\n<tr style=\"height: 24px;\">\n<td style=\"height: 24px; width: 103.770836px;\"><strong>Impacte social<\/strong><\/td>\n<td style=\"height: 24px; width: 301.9375px;\">Prioriza la salud ambiental y alimentaria.<\/td>\n<td style=\"height: 24px; width: 400.3125px;\">Abarca justicia social, sobiran\u00eda alimentaria i equitat.<\/td>\n<\/tr>\n<\/tbody>\n<\/table>\n<p>Resum<\/p>\n<p>L&#8217;agricultura\u00a0 ecol\u00f2gica s&#8217;enfoca a produir aliments de manera &#8220;sostenible&#8221; i est\u00e0 regulada per est\u00e0ndards que garanteixen la seva pr\u00e0ctica. En canvi, l&#8217;agroecologia, t\u00e9 un abast m\u00e9s ampli i se centra en transformar els sistemes agr\u00edcoles i alimentaris des d&#8217;una perspectiva cient\u00edfica, pr\u00e0ctica i social. En Fil de Bosc, implementem l&#8217;agroecologia en tots els processos que duem a terme. Dona un cop d&#8217;ull al nostre treball <a href=\"https:\/\/www.instagram.com\/fildeboscbalears?utm_source=ig_web_button_share_sheet&amp;igsh=ZDNlZDc0MzIxNw%3D%3D\">aqu\u00ed.<\/a><\/p>\n<p>En termes simples:<\/p>\n<ul>\n<li><strong>L&#8217;agricultura ecol\u00f2gica<\/strong> \u00e9s &#8220;el com&#8221; produir aliments sense danyar el medi ambient.<\/li>\n<li><strong>L&#8217;agroecologia<\/strong>\u00a0\u00e9s &#8220;el per qu\u00e8&#8221; i &#8220;per a qu\u00e8&#8221; transformar l&#8217;agricultura, incloent-hi la dimensi\u00f3 social i cultural.<\/li>\n<\/ul>\n<p>L&#8217;agroecologia no sols promou un m\u00e8tode de cultiu respectu\u00f3s amb la naturalesa, sin\u00f3 que tamb\u00e9 fomenta una relaci\u00f3 harm\u00f2nica entre les persones i el seu entorn.<\/p>\n<p>Si vols obtenir m\u00e9s informaci\u00f3 sobre aquest tema<a href=\"https:\/\/agroecologia.net\"> La Societat Espanyola d&#8217;Agricultura Ecol\u00f2gica\/Agroecologia<\/a> t\u00e9 un munt de informacion en la seva p\u00e0gina web, i si ets de les Balears tenim <a href=\"https:\/\/apaema.net\">APAEMA, Associaci\u00f3 de la Producci\u00f3 Agr\u00e0ria Ecol\u00f2gica de Mallorca<\/a>, que t\u00e9 fant\u00e0stics professionals i un munt de cursos interessant\u00edssims.<\/p>\n<p>Coneixes m\u00e9s associacions que fomentin l&#8217;agroecologia i realitzin tallers en el teu territori? Escriu-nos en comentaris i aix\u00ed fem xarxa.<\/p>\n<p>Sempre poso el mateix exemple;<\/p>\n<p>De qu\u00e8 serveix comprar nabius ecol\u00f2gics de Xile si la petjada de carboni que produeixen \u00e9s gegantesca? En aquest cas, millor comprar convencional, per\u00f2 que sigui de proximitat.<\/p>\n<h4 style=\"text-align: center;\">Producte local sempre!<\/h4>\n<p style=\"text-align: center;\">I tu, qu\u00e8 opines sobre aquest tema?<\/p>\n","protected":false},"excerpt":{"rendered":"<p>L&#8217;agricultura ecol\u00f2gica est\u00e0 regulada per est\u00e0ndards, l&#8217;agroecologia, \u00a0transforma desde una perspectiva cient\u00edfica, pr\u00e0ctica i social.<\/p>\n","protected":false},"author":5,"featured_media":3946,"comment_status":"open","ping_status":"open","sticky":false,"template":"","format":"standard","meta":{"_et_pb_use_builder":"","_et_pb_old_content":"","_et_gb_content_width":"","om_disable_all_campaigns":false,"footnotes":""},"categories":[39],"tags":[],"class_list":["post-4350","post","type-post","status-publish","format-standard","has-post-thumbnail","hentry","category-sin-categorizar"],"aioseo_notices":[],"_links":{"self":[{"href":"https:\/\/fildebosc.es\/ca\/wp-json\/wp\/v2\/posts\/4350","targetHints":{"allow":["GET"]}}],"collection":[{"href":"https:\/\/fildebosc.es\/ca\/wp-json\/wp\/v2\/posts"}],"about":[{"href":"https:\/\/fildebosc.es\/ca\/wp-json\/wp\/v2\/types\/post"}],"author":[{"embeddable":true,"href":"https:\/\/fildebosc.es\/ca\/wp-json\/wp\/v2\/users\/5"}],"replies":[{"embeddable":true,"href":"https:\/\/fildebosc.es\/ca\/wp-json\/wp\/v2\/comments?post=4350"}],"version-history":[{"count":6,"href":"https:\/\/fildebosc.es\/ca\/wp-json\/wp\/v2\/posts\/4350\/revisions"}],"predecessor-version":[{"id":4372,"href":"https:\/\/fildebosc.es\/ca\/wp-json\/wp\/v2\/posts\/4350\/revisions\/4372"}],"wp:featuredmedia":[{"embeddable":true,"href":"https:\/\/fildebosc.es\/ca\/wp-json\/wp\/v2\/media\/3946"}],"wp:attachment":[{"href":"https:\/\/fildebosc.es\/ca\/wp-json\/wp\/v2\/media?parent=4350"}],"wp:term":[{"taxonomy":"category","embeddable":true,"href":"https:\/\/fildebosc.es\/ca\/wp-json\/wp\/v2\/categories?post=4350"},{"taxonomy":"post_tag","embeddable":true,"href":"https:\/\/fildebosc.es\/ca\/wp-json\/wp\/v2\/tags?post=4350"}],"curies":[{"name":"wp","href":"https:\/\/api.w.org\/{rel}","templated":true}]}}