{"id":4466,"date":"2025-02-19T10:26:57","date_gmt":"2025-02-19T10:26:57","guid":{"rendered":"https:\/\/fildebosc.es\/?p=4466"},"modified":"2025-02-19T11:37:00","modified_gmt":"2025-02-19T11:37:00","slug":"%f0%9f%8c%bf%f0%9f%94%a5-de-la-ciutat-al-camp-10-llibres-per-a-submergir-te-en-lagroecologia-i-revolucionar-la-teva-manera-de-conrear%f0%9f%93%9a%f0%9f%9a%9c","status":"publish","type":"post","link":"https:\/\/fildebosc.es\/ca\/%f0%9f%8c%bf%f0%9f%94%a5-de-la-ciutat-al-camp-10-llibres-per-a-submergir-te-en-lagroecologia-i-revolucionar-la-teva-manera-de-conrear%f0%9f%93%9a%f0%9f%9a%9c\/","title":{"rendered":"\ud83c\udf3f\ud83d\udd25 De la Ciutat al Camp: 10 Llibres per a Submergir-te en l&#8217;Agroecologia i Revolucionar la teva Manera de Conrear\ud83d\udcda\ud83d\ude9c"},"content":{"rendered":"<section class=\"formulari-eines contingut-section\">\n<form class=\"formulari form-horizontal\" data-gtm-form-interact-id=\"0\">\n<div class=\"traductor-textarea form-group\">\n<div class=\"textarea-desti col-xs-12 col-sm-6\">\n<div class=\"form-control second-textarea\">Aquests 10 llibres t&#8217;ofereixen una perspectiva integral i hol\u00edstica per a iniciar-te en aquest apassionant m\u00f3n de l&#8217;agricultura i l&#8217;agroecologia.<\/div>\n<div class=\"form-control second-textarea\">\n<strong><span style=\"color: #808080;\">1. La vida secreta dels arbres \u2013 Peter Wohlleben<\/span><\/strong><\/div>\n<div class=\"form-control second-textarea\">\nEl guardaboscos alemany Peter Wohllebenens obre els ulls a un m\u00f3n ocult on els arbres senten, es comuniquen i col\u00b7laboren entre ells. Aquest llibre est\u00e0 basat en recerques cient\u00edfiques i en la seva experi\u00e8ncia personal, Wohlleben demostra com els boscos s\u00f3n comunitats interconnectades que depenen les unes de les altres. si ets de ciutat, \u00e9s un llibre ideal per a comprendre la import\u00e0ncia de preservar els ecosistemes forestals des d&#8217;una perspectiva emocional i cient\u00edfica.<\/div>\n<div><\/div>\n<div class=\"form-control second-textarea\"><a href=\"https:\/\/amzn.to\/3ch6rkf\"><strong><span style=\"color: #333333;\">https:\/\/amzn.to\/3ch6rkf<\/span><\/strong><\/a><\/div>\n<div><\/div>\n<div class=\"form-control second-textarea\"><span style=\"color: #808080;\"><strong>2. L&#8217;incre\u00efble viatge de les plantes \u2013 StefanoMancuso<\/strong><\/span><\/div>\n<div><\/div>\n<div class=\"form-control second-textarea\">El neurobi\u00f3logo vegetal Stefano Mancusocombina ci\u00e8ncia i narraci\u00f3 per a mostrar en aquest llibre com les plantes han viatjat pel m\u00f3n, adaptant-se a condicions adverses, colonitzant continents i sobrevivint a canvis clim\u00e0tics extrems. Aquest llibre no sols \u00e9s una lli\u00e7\u00f3 d&#8217;hist\u00f2ria natural, sin\u00f3 tamb\u00e9 una font d&#8217;inspiraci\u00f3 per a apreciar l&#8217;enginy de les plantes i la seva incre\u00efble resili\u00e8ncia.<\/div>\n<div><\/div>\n<div class=\"form-control second-textarea\"><span style=\"color: #333333;\"><strong>https:\/\/amzn.to\/3owgnob<\/strong><\/span><\/div>\n<div><\/div>\n<div class=\"form-control second-textarea\"><strong><span style=\"color: #808080;\">3. Agroecologia: Bases cient\u00edfiques per a una agricultura sustentable \u2013 Miguel Altieri<\/span><\/strong><\/div>\n<div><\/div>\n<div class=\"form-control second-textarea\">Conegut com un dels pares de l&#8217;agroecologia moderna, Miguel Altieripresenta una an\u00e0lisi exhaustiva dels principis cient\u00edfics que sustenten aquesta disciplina. A trav\u00e9s d&#8217;exemples pr\u00e0ctics, el llibre explica com els sistemes agr\u00edcoles poden dissenyar-se per a ser m\u00e9s productius, resilients i sostenibles. Una obra fonamental completa per als qui desitgen aprofundir en les bases te\u00f2riques de l&#8217;agroecologia. Perfecte per a iniciar-te en les labors de camp i comprendre com es pot integrar un tot des del camp.<\/div>\n<div><\/div>\n<div class=\"form-control second-textarea\"><a href=\"https:\/\/agroeco.org\/wp-content\/uploads\/2010\/10\/libro-agroecologia.pdf\"><span style=\"color: #333333;\"><strong>https:\/\/agroeco.org\/wp-content\/uploads\/2010\/10\/libro-agroecologia.pdf<\/strong><\/span><\/a><\/div>\n<div><\/div>\n<div class=\"form-control second-textarea\"><strong><span style=\"color: #808080;\">4. Merda a la carta: Un nou ABC de l&#8217;agricultura org\u00e0nica \u2013 Jairo Restrepo<\/span><\/strong><\/div>\n<div><\/div>\n<div class=\"form-control second-textarea\">Fa poc em van ensenyar aquest llibre en un taller de microorganismes i em va encantar, \u00e9s per aix\u00f2 que recomano a Jairo Restrepoque combina experi\u00e8ncia pr\u00e0ctica amb un enfocament directe i accessible. Aqu\u00ed s&#8217;expliquen m\u00e8todes concrets per a regenerar els s\u00f2ls, produir biofertilizantes i manejar residus org\u00e0nics de manera sostenible. El seu estil desenfadat i pr\u00f2xim ho fa ideal per a agricultors, t\u00e8cnics i apassionats que busquen solucions efectives i a baix cost. \u00c9s el llibre ideal per a posar en pr\u00e0ctica tot l&#8217;apr\u00e8s i provar i provar!<\/div>\n<div><\/div>\n<div class=\"form-control second-textarea\"><span style=\"color: #333333;\"><strong><a style=\"color: #333333;\" href=\"https:\/\/amzn.to\/4g7dvir\">https:\/\/amzn.to\/4g7dvir<\/a><\/strong><\/span><\/div>\n<div><\/div>\n<div class=\"form-control second-textarea\"><strong><span style=\"color: #808080;\">5.Microbi\u00f2tica i remineralitzaci\u00f3 de s\u00f2ls en mans pageses \u2013 Jes\u00fas Ignacio Sim\u00f3n Zamora<\/span><\/strong><\/div>\n<div><\/div>\n<div class=\"form-control second-textarea\">Aquest llibre aprofundeix en el paper crucial dels microorganismes en la salut dels s\u00f2ls i en la seva remineralitzaci\u00f3. Jes\u00fas Ignacio combina explicacions cient\u00edfiques amb experi\u00e8ncies pr\u00e0ctiques en comunitats pageses, proposant t\u00e8cniques accessibles i d&#8217;impacte positiu per a petits agricultors. \u00c9s una guia essencial per a comprendre com revitalitzar els s\u00f2ls de manera natural.<\/div>\n<div><\/div>\n<div class=\"form-control second-textarea\"><span style=\"color: #333333;\"><strong><a style=\"color: #333333;\" href=\"https:\/\/amzn.to\/4eicwut\">https:\/\/amzn.to\/4eicwut<\/a><\/strong><\/span><\/div>\n<div><\/div>\n<div class=\"form-control second-textarea\"><span style=\"color: #808080;\"><strong>6. Les micorrizes, una estrat\u00e8gia agroecol\u00f2gica per a optimitzar la qualitat dels cultius \u2013 Mar\u00eda C. Jaizme-Vega<\/strong><\/span><\/div>\n<div><\/div>\n<div class=\"form-control second-textarea\">No puc deixar de recomanar aquest llibre de Mery Jaizme, meravellosa persona i professora del M\u00e0ster titulat; Agroecologia, sobirania aliment\u00e0ria, ecologia urbana i cooperaci\u00f3 al desenvolupament rural. Aquest llibre \u00e9s tal vegada, el m\u00e9s complex i t\u00e8cnic que recomano, per\u00f2 si t&#8217;agrada la tem\u00e0tica, et fascinar\u00e0.<br \/>\nAquest llibre se centra en les micorrizes, una simbiosi entre fongs i arrels que juga un paper clau en la salut del s\u00f2l i de les plantes. La Dra. Jaizme detalla com aquestes interaccions beneficien als cultius, millorant la seva resist\u00e8ncia i qualitat. \u00c9s una obra t\u00e8cnica i did\u00e0ctica que aporta eines per a incorporar aquesta estrat\u00e8gia en sistemes agr\u00edcoles sostenibles.<\/div>\n<div><\/div>\n<div class=\"form-control second-textarea\"><span style=\"color: #333333;\"><strong>https:\/\/www.universitarialibros.com\/llibre\/les-micorrizes-una-estrat\u00e8gia-*agroecologica-per a-optimitzar-la-qualitat-de-els-cu_135278<\/strong><\/span><\/div>\n<div><\/div>\n<div class=\"form-control second-textarea\"><strong><span style=\"color: #808080;\">7. Hist\u00f2ria de les agricultures del m\u00f3n \u2013 Marcel Mazoyer i Laurence Roudart<\/span><\/strong><\/div>\n<div><\/div>\n<div class=\"form-control second-textarea\">Una obra monumental que tra\u00e7a l&#8217;evoluci\u00f3 de les pr\u00e0ctiques agr\u00edcoles des de les primeres civilitzacions fins a l&#8217;era moderna. Aquest llibre explora com els canvis hist\u00f2rics, socials i tecnol\u00f2gics han transformat la relaci\u00f3 de la humanitat amb l&#8217;agricultura. A m\u00e9s, ofereix una reflexi\u00f3 profunda sobre els desafiaments que enfronta l&#8217;agricultura en un m\u00f3n globalitzat. M&#8217;encanta perqu\u00e8 entens molts processos i pots entendre aquest canvi de ciutat camp que tant necessitem.<\/div>\n<div><\/div>\n<div class=\"form-control second-textarea\"><a href=\"https:\/\/amzn.to\/3onr8ym\"><span style=\"color: #333333;\"><strong>https:\/\/amzn.to\/3onr8ym<\/strong><\/span><\/a><\/div>\n<div><\/div>\n<div class=\"form-control second-textarea\"><span style=\"color: #808080;\"><strong>8. Vivificar el s\u00f2l. Coneixement i pr\u00e0ctiques agroecol\u00f2giques \u2013 Juana Labrador, Jos\u00e9 Luis Porcuna i Mar\u00eda C. Jaizme-Vega.<\/strong><\/span><\/div>\n<div><\/div>\n<div class=\"form-control second-textarea\">Aquest manual combina teoria i pr\u00e0ctiques agroecol\u00f2giques orientades a millorar la vida i fertilitat del s\u00f2l. Els autors expliquen com t\u00e8cniques com el maneig de mat\u00e8ria org\u00e0nica, les associacions de cultius i la utilitzaci\u00f3 de microorganismes beneficiosos poden transformar els sistemes agr\u00edcoles. Un text indispensable per als qui busquen solucions pr\u00e0ctiques basades en ci\u00e8ncia i tradici\u00f3.<\/div>\n<div><\/div>\n<div class=\"form-control second-textarea\"><a href=\"https:\/\/agroecologia.net\/producto\/vivificar-suelo\/\"><strong><span style=\"color: #333333;\">https:\/\/agroecologia.net\/producto\/vivificar-suelo\/<\/span><\/strong><\/a><\/div>\n<div><\/div>\n<div class=\"form-control second-textarea\"><span style=\"color: #808080;\"><strong>9. L\u2019Encyclop\u00e9die donis plantis bio-indicatricesalimentaires et m\u00e9dicinales (volums 1, 2 i 3) \u2013 G\u00e9rard Ducerf<\/strong><\/span><\/div>\n<div><\/div>\n<div class=\"form-control second-textarea\">Una col\u00b7lecci\u00f3 enciclop\u00e8dica que documenta m\u00e9s de 600 esp\u00e8cies de plantes amb propietats medicinals, aliment\u00e0ries i bioindicadoras. Aquest recurs ofereix informaci\u00f3 detallada sobre com aquestes plantes poden revelar l&#8217;estat del s\u00f2l, a m\u00e9s dels seus usos tradicionals i moderns. \u00c9s ideal per a agricultors, herbolaris i amants de la bot\u00e0nica.<\/div>\n<div><\/div>\n<div class=\"form-control second-textarea\"><a href=\"https:\/\/associaciolera.org\/producte\/l-encyclopedie-des-plantes-bio-indicatrices-alimentaires-et-medicinales-volumes-i-2-i-3-2\/\"><span style=\"color: #333333;\"><strong>https:\/\/associaciolera.org\/producte\/l-encyclopedie-des-plantes-bio-indicatrices-alimentaires-et-medicinales-volumes-i-2-i-3-2\/<\/strong><\/span><\/a><\/div>\n<div><\/div>\n<div class=\"form-control second-textarea\"><span style=\"color: #808080;\"><strong>10. Com fer un bon compost \u2013 Mariano Bueno\u00a0<\/strong><\/span><\/div>\n<div><\/div>\n<div class=\"form-control second-textarea\">Mariano Bueno, reconegut expert en agricultura ecol\u00f2gica, ofereix una guia pr\u00e0ctica per a transformar restes org\u00e0niques en compostos d&#8217;alta qualitat. El llibre explica les t\u00e8cniques pas a pas, adaptant-les a diferents necessitats, des de petits horts fins a explotacions agr\u00edcoles. Una lectura indispensable per a iniciar-se en la gesti\u00f3 de residus i la millora del s\u00f2l.<\/div>\n<div><\/div>\n<div class=\"form-control second-textarea\"><a href=\"https:\/\/www.lafertilidaddelatierra.com\/producto\/compost\/\"><strong><span style=\"color: #333333;\">https:\/\/www.lafertilidaddelatierra.com\/producto\/compost\/<\/span><\/strong><\/a><\/div>\n<div><\/div>\n<div class=\"form-control second-textarea\">L&#8217;agroecologia comen\u00e7a amb el coneixement, i aquests llibres et permetran explorar des dels secrets dels boscos fins a les t\u00e8cniques m\u00e9s avan\u00e7ades per a millorar la salut dels s\u00f2ls i els cultius. Cada obra ofereix una perspectiva \u00fanica que enriqueix la visi\u00f3 sobre com podem viure en equilibri amb la naturalesa. Si no et queda clar, pots donar un cop d&#8217;ull al nostre post dedicat a l&#8217;agricultura ecol\u00f2gica vs Agroecologia.<\/div>\n<div style=\"text-align: center;\"><\/div>\n<div class=\"form-control second-textarea\" style=\"text-align: center;\">Tens algun t\u00edtol favorit d&#8217;aquesta llista?<br \/>\nAfegiries algun m\u00e9s?<br \/>\nDeixa&#8217;ns els teus comentaris, comparteix les teves experi\u00e8ncies! <img decoding=\"async\" class=\"emoji\" role=\"img\" draggable=\"false\" src=\"https:\/\/s.w.org\/images\/core\/emoji\/14.0.0\/svg\/1f331.svg\" alt=\"\ud83c\udf31\" \/><br \/>\nI\u2026<br \/>\nSi t&#8217;has quedat amb ganes de m\u00e9s, tinc una bona not\u00edcia, Acci\u00f3 proambiental ha recopilat aquests 25 llibres sobre agroecologia que estan amb codi obert per al delit de tod@s.<\/div>\n<div style=\"text-align: center;\">\n<strong><span style=\"color: #333333;\"><a style=\"color: #333333;\" href=\"https:\/\/accionproambiental.com\/2024\/04\/18\/25-libros-de-agroecologia-recomendados-por-huerto-agroecologico-biologia\/\">https:\/\/accionproambiental.com\/2024\/04\/18\/25-libros-de-agroecologia-recomendados-por-huerto-agroecologico-biologia\/<\/a><\/span><\/strong><\/div>\n<div class=\"form-control second-textarea\" style=\"text-align: center;\">\nT&#8217;afegeixo tamb\u00e9 els links d&#8217;associacions que treballen amb l&#8217;agroecologia, tallers, revistes i difusi\u00f3.<br \/>\n<span style=\"color: #333333;\"><strong><a style=\"color: #333333;\" href=\"https:\/\/agroecologia.net\">https:\/\/agroecologia.net<\/a><\/strong><\/span><br \/>\n<span style=\"color: #333333;\"><strong><a style=\"color: #333333;\" href=\"https:\/\/www.lafertilidaddelatierra.com\">https:\/\/www.lafertilidaddelatierra.com<\/a><\/strong><\/span><br \/>\n<span style=\"color: #333333;\"><strong><a style=\"color: #333333;\" href=\"https:\/\/associaciolera.org\">https:\/\/associaciolera.org<\/a><\/strong><\/span><br \/>\n<span style=\"color: #333333;\"><strong><a style=\"color: #333333;\" href=\"https:\/\/apaema.net\">https:\/\/apaema.net<\/a><\/strong><\/span><\/div>\n<\/div>\n<\/div>\n<div class=\"traductor-checkbox form-group\" style=\"text-align: center;\">\n<div class=\"row\"><\/div>\n<\/div>\n<\/form>\n<\/section>\n<section class=\"contingut-section\">\n<p style=\"text-align: center;\">\n<\/section>\n","protected":false},"excerpt":{"rendered":"<p>Aquests 10 llibres t&#8217;ofereixen una perspectiva integral i hol\u00edstica per a iniciar-te en aquest apassionant m\u00f3n de l&#8217;agricultura i l&#8217;agroecologia. 1. La vida secreta dels arbres \u2013 Peter Wohlleben El guardaboscos alemany Peter Wohllebenens obre els ulls a un m\u00f3n ocult on els arbres senten, es comuniquen i col\u00b7laboren entre ells. Aquest llibre est\u00e0 basat [&hellip;]<\/p>\n","protected":false},"author":5,"featured_media":4455,"comment_status":"open","ping_status":"open","sticky":false,"template":"","format":"standard","meta":{"_et_pb_use_builder":"","_et_pb_old_content":"","_et_gb_content_width":"","om_disable_all_campaigns":false,"footnotes":""},"categories":[39],"tags":[],"class_list":["post-4466","post","type-post","status-publish","format-standard","has-post-thumbnail","hentry","category-sin-categorizar"],"aioseo_notices":[],"_links":{"self":[{"href":"https:\/\/fildebosc.es\/ca\/wp-json\/wp\/v2\/posts\/4466","targetHints":{"allow":["GET"]}}],"collection":[{"href":"https:\/\/fildebosc.es\/ca\/wp-json\/wp\/v2\/posts"}],"about":[{"href":"https:\/\/fildebosc.es\/ca\/wp-json\/wp\/v2\/types\/post"}],"author":[{"embeddable":true,"href":"https:\/\/fildebosc.es\/ca\/wp-json\/wp\/v2\/users\/5"}],"replies":[{"embeddable":true,"href":"https:\/\/fildebosc.es\/ca\/wp-json\/wp\/v2\/comments?post=4466"}],"version-history":[{"count":2,"href":"https:\/\/fildebosc.es\/ca\/wp-json\/wp\/v2\/posts\/4466\/revisions"}],"predecessor-version":[{"id":4468,"href":"https:\/\/fildebosc.es\/ca\/wp-json\/wp\/v2\/posts\/4466\/revisions\/4468"}],"wp:featuredmedia":[{"embeddable":true,"href":"https:\/\/fildebosc.es\/ca\/wp-json\/wp\/v2\/media\/4455"}],"wp:attachment":[{"href":"https:\/\/fildebosc.es\/ca\/wp-json\/wp\/v2\/media?parent=4466"}],"wp:term":[{"taxonomy":"category","embeddable":true,"href":"https:\/\/fildebosc.es\/ca\/wp-json\/wp\/v2\/categories?post=4466"},{"taxonomy":"post_tag","embeddable":true,"href":"https:\/\/fildebosc.es\/ca\/wp-json\/wp\/v2\/tags?post=4466"}],"curies":[{"name":"wp","href":"https:\/\/api.w.org\/{rel}","templated":true}]}}